{"id":116,"date":"2025-08-27T18:57:06","date_gmt":"2025-08-27T18:57:06","guid":{"rendered":"https:\/\/pousoabare.com.br\/blog\/?p=116"},"modified":"2025-10-17T19:36:29","modified_gmt":"2025-10-17T19:36:29","slug":"pt-%f0%9f%8f%96%ef%b8%8f-praias-escondidas-para-visitar-antes-da-alta-temporada-em-ubatuba","status":"publish","type":"post","link":"https:\/\/pousoabare.com.br\/blog\/2025\/08\/27\/pt-%f0%9f%8f%96%ef%b8%8f-praias-escondidas-para-visitar-antes-da-alta-temporada-em-ubatuba\/","title":{"rendered":"\ud83c\udfd6\ufe0f Praias escondidas para visitar antes da alta temporada em Ubatuba"},"content":{"rendered":"\n<p>Quando se fala em Ubatuba, logo v\u00eam \u00e0 mente praias famosas como a Praia Grande, Itamambuca e Maranduba. Mas a verdade \u00e9 que esse para\u00edso do Litoral Norte de S\u00e3o Paulo guarda segredos que v\u00e3o al\u00e9m das praias mais conhecidas. S\u00e3o pequenas enseadas, acess\u00edveis por trilhas ou estradinhas discretas, que oferecem sossego, contato intenso com a natureza e experi\u00eancias \u00fanicas \u2014 especialmente antes da alta temporada, quando a cidade fica lotada.<\/p>\n\n\n\n<p>Se voc\u00ea est\u00e1 planejando uma viagem fora dos feriados e deseja aproveitar o melhor de Ubatuba em clima de tranquilidade, este guia vai te levar a algumas das <strong>praias escondidas mais encantadoras<\/strong> da regi\u00e3o.<\/p>\n\n\n\n<hr class=\"wp-block-separator has-alpha-channel-opacity\"\/>\n\n\n\n<h2 class=\"wp-block-heading\">\ud83c\udf3f Por que visitar Ubatuba fora da alta temporada?<\/h2>\n\n\n\n<p>A cidade \u00e9 conhecida como a \u201cCapital do Surfe\u201d, com mais de 100 praias espalhadas por cerca de 80 km de costa. Na alta temporada, a beleza continua, mas o movimento intenso pode diminuir a experi\u00eancia de quem busca calma. J\u00e1 nos meses que antecedem o ver\u00e3o, como setembro, outubro e at\u00e9 mesmo novembro, as praias ficam mais vazias, os pre\u00e7os mais acess\u00edveis, e a energia mais leve.<\/p>\n\n\n\n<p>\u00c9 nesse momento que os <strong>para\u00edsos escondidos<\/strong> de Ubatuba brilham: voc\u00ea tem a chance de aproveitar paisagens deslumbrantes quase que s\u00f3 para voc\u00ea, com \u00e1guas cristalinas, trilhas pela Mata Atl\u00e2ntica e a hospitalidade t\u00edpica da cultura cai\u00e7ara.<\/p>\n\n\n\n<hr class=\"wp-block-separator has-alpha-channel-opacity\"\/>\n\n\n\n<h2 class=\"wp-block-heading\">\ud83c\udfdd\ufe0f 1. Praia do Cedro do Sul<\/h2>\n\n\n\n<figure class=\"wp-block-image size-large\"><img loading=\"lazy\" decoding=\"async\" width=\"1024\" height=\"576\" src=\"https:\/\/pousoabare.com.br\/blog\/wp-content\/uploads\/2025\/08\/Praia-Cedro-Sul-1024x576.jpg\" alt=\"\" class=\"wp-image-118\" srcset=\"https:\/\/pousoabare.com.br\/blog\/wp-content\/uploads\/2025\/08\/Praia-Cedro-Sul-1024x576.jpg 1024w, https:\/\/pousoabare.com.br\/blog\/wp-content\/uploads\/2025\/08\/Praia-Cedro-Sul-300x169.jpg 300w, https:\/\/pousoabare.com.br\/blog\/wp-content\/uploads\/2025\/08\/Praia-Cedro-Sul-768x432.jpg 768w, https:\/\/pousoabare.com.br\/blog\/wp-content\/uploads\/2025\/08\/Praia-Cedro-Sul.jpg 1080w\" sizes=\"auto, (max-width: 1024px) 100vw, 1024px\" \/><\/figure>\n\n\n\n<p>Considerada uma das praias mais bonitas de Ubatuba, a Praia do Cedro do Sul \u00e9 um verdadeiro ref\u00fagio. O acesso \u00e9 feito por uma trilha de cerca de 20 minutos a partir da Praia da Fortaleza, mas o esfor\u00e7o \u00e9 recompensado pela paisagem de \u00e1guas transparentes, perfeitas para snorkeling e banho tranquilo.<\/p>\n\n\n\n<p>Na baixa temporada, a praia costuma ficar quase deserta, tornando-se ideal para casais ou fam\u00edlias que querem sil\u00eancio e contato \u00edntimo com a natureza.<\/p>\n\n\n\n<p>\ud83d\udccd Localiza\u00e7\u00e3o: Regi\u00e3o Sul de Ubatuba<br>\ud83d\udeb6 Acesso: Trilha a partir da Praia da Fortaleza (20 minutos)<br>\ud83d\udca1 Dica: leve \u00e1gua e lanches, pois n\u00e3o h\u00e1 quiosques fixos.<\/p>\n\n\n\n<hr class=\"wp-block-separator has-alpha-channel-opacity\"\/>\n\n\n\n<h2 class=\"wp-block-heading\">\ud83c\udf0a 2. Praia do Portugu\u00eas<\/h2>\n\n\n\n<figure class=\"wp-block-image size-full\"><img loading=\"lazy\" decoding=\"async\" width=\"1024\" height=\"767\" src=\"https:\/\/pousoabare.com.br\/blog\/wp-content\/uploads\/2025\/08\/Praia-do-Portugues.jpg\" alt=\"\" class=\"wp-image-121\" srcset=\"https:\/\/pousoabare.com.br\/blog\/wp-content\/uploads\/2025\/08\/Praia-do-Portugues.jpg 1024w, https:\/\/pousoabare.com.br\/blog\/wp-content\/uploads\/2025\/08\/Praia-do-Portugues-300x225.jpg 300w, https:\/\/pousoabare.com.br\/blog\/wp-content\/uploads\/2025\/08\/Praia-do-Portugues-768x575.jpg 768w\" sizes=\"auto, (max-width: 1024px) 100vw, 1024px\" \/><\/figure>\n\n\n\n<p>Pequena, charmosa e escondida, a Praia do Portugu\u00eas fica ao lado da Praia do F\u00e9lix. Seu acesso \u00e9 feito por um caminho entre as pedras, vis\u00edvel apenas quando a mar\u00e9 est\u00e1 baixa. A recompensa \u00e9 um cen\u00e1rio de \u00e1guas cristalinas e areia branquinha, ideal para passar algumas horas em clima de exclusividade.<\/p>\n\n\n\n<p>Por ser min\u00fascula, costuma encher rapidamente em dias de ver\u00e3o \u2014 mas fora da alta temporada \u00e9 praticamente um para\u00edso particular.<\/p>\n\n\n\n<p>\ud83d\udccd Localiza\u00e7\u00e3o: Regi\u00e3o Norte de Ubatuba<br>\ud83d\udeb6 Acesso: Caminho pelas pedras no canto direito da Praia do F\u00e9lix (aten\u00e7\u00e3o \u00e0 mar\u00e9)<br>\ud83d\udca1 Dica: v\u00e1 cedo e aproveite para estender o passeio at\u00e9 a Praia das Conchas, acess\u00edvel pelo lado oposto do F\u00e9lix.<\/p>\n\n\n\n<hr class=\"wp-block-separator has-alpha-channel-opacity\"\/>\n\n\n\n<h2 class=\"wp-block-heading\">\ud83c\udfd6\ufe0f 3. Praia das Conchas<\/h2>\n\n\n\n<figure class=\"wp-block-image size-large\"><img loading=\"lazy\" decoding=\"async\" width=\"1024\" height=\"563\" src=\"https:\/\/pousoabare.com.br\/blog\/wp-content\/uploads\/2025\/08\/Praia-das-Conchas-1024x563.jpg\" alt=\"\" class=\"wp-image-119\" srcset=\"https:\/\/pousoabare.com.br\/blog\/wp-content\/uploads\/2025\/08\/Praia-das-Conchas-1024x563.jpg 1024w, https:\/\/pousoabare.com.br\/blog\/wp-content\/uploads\/2025\/08\/Praia-das-Conchas-300x165.jpg 300w, https:\/\/pousoabare.com.br\/blog\/wp-content\/uploads\/2025\/08\/Praia-das-Conchas-768x422.jpg 768w, https:\/\/pousoabare.com.br\/blog\/wp-content\/uploads\/2025\/08\/Praia-das-Conchas.jpg 1200w\" sizes=\"auto, (max-width: 1024px) 100vw, 1024px\" \/><\/figure>\n\n\n\n<p>Assim como a Praia do Portugu\u00eas, a Praia das Conchas \u00e9 uma joia escondida. Localizada no canto esquerdo da Praia do F\u00e9lix, ela \u00e9 acessada por uma trilha curta e oferece uma enseada preservada, com \u00e1guas tranquilas e um cen\u00e1rio que parece sa\u00eddo de cart\u00e3o-postal.<\/p>\n\n\n\n<p>Na baixa temporada, \u00e9 comum encontrar apenas alguns poucos visitantes, tornando-se um lugar ideal para quem deseja mergulhar e descansar sem pressa.<\/p>\n\n\n\n<p>\ud83d\udccd Localiza\u00e7\u00e3o: Regi\u00e3o Norte de Ubatuba<br>\ud83d\udeb6 Acesso: Trilha curta a partir do canto esquerdo da Praia do F\u00e9lix<br>\ud83d\udca1 Dica: perfeita para quem viaja com crian\u00e7as, j\u00e1 que o mar costuma ser mais calmo.<\/p>\n\n\n\n<hr class=\"wp-block-separator has-alpha-channel-opacity\"\/>\n\n\n\n<h2 class=\"wp-block-heading\">\ud83c\udf3a 4. Praia do Cedro do Norte<\/h2>\n\n\n\n<figure class=\"wp-block-image size-large\"><img loading=\"lazy\" decoding=\"async\" width=\"1024\" height=\"546\" src=\"https:\/\/pousoabare.com.br\/blog\/wp-content\/uploads\/2025\/08\/Praia-do-Cedro-1024x546.webp\" alt=\"\" class=\"wp-image-120\" srcset=\"https:\/\/pousoabare.com.br\/blog\/wp-content\/uploads\/2025\/08\/Praia-do-Cedro-1024x546.webp 1024w, https:\/\/pousoabare.com.br\/blog\/wp-content\/uploads\/2025\/08\/Praia-do-Cedro-300x160.webp 300w, https:\/\/pousoabare.com.br\/blog\/wp-content\/uploads\/2025\/08\/Praia-do-Cedro-768x410.webp 768w, https:\/\/pousoabare.com.br\/blog\/wp-content\/uploads\/2025\/08\/Praia-do-Cedro.webp 1140w\" sizes=\"auto, (max-width: 1024px) 100vw, 1024px\" \/><\/figure>\n\n\n\n<p>N\u00e3o confundir com o Cedro do Sul! Essa vers\u00e3o \u201cdo Norte\u201d fica pr\u00f3xima ao centro de Ubatuba, entre a Praia Vermelha do Centro e a Praia do Ten\u00f3rio. Apesar de estar em uma regi\u00e3o movimentada, \u00e9 surpreendentemente reservada, j\u00e1 que seu acesso \u00e9 feito apenas por uma trilha.<\/p>\n\n\n\n<p>\u00c9 o tipo de praia que mistura praticidade (perto do centro) com exclusividade (pouca gente se d\u00e1 ao trabalho de ir at\u00e9 l\u00e1).<\/p>\n\n\n\n<p>\ud83d\udccd Localiza\u00e7\u00e3o: Pr\u00f3xima ao Centro<br>\ud83d\udeb6 Acesso: Trilha curta (6 min), no acesso a partir da estrada que segue desde a Praia do Ten\u00f3rio e Praia Vermelha do Centro<br>\ud83d\udca1 Dica: \u00f3timo lugar para quem busca sossego sem se afastar muito da cidade.<\/p>\n\n\n\n<hr class=\"wp-block-separator has-alpha-channel-opacity\"\/>\n\n\n\n<h2 class=\"wp-block-heading\">\ud83c\udf34 5. Praia Brava da Almada<\/h2>\n\n\n\n<figure class=\"wp-block-image size-large\"><img loading=\"lazy\" decoding=\"async\" width=\"1024\" height=\"768\" src=\"https:\/\/pousoabare.com.br\/blog\/wp-content\/uploads\/2025\/08\/Praia-Brava-da-Almada-1024x768.jpg\" alt=\"\" class=\"wp-image-117\" srcset=\"https:\/\/pousoabare.com.br\/blog\/wp-content\/uploads\/2025\/08\/Praia-Brava-da-Almada-1024x768.jpg 1024w, https:\/\/pousoabare.com.br\/blog\/wp-content\/uploads\/2025\/08\/Praia-Brava-da-Almada-300x225.jpg 300w, https:\/\/pousoabare.com.br\/blog\/wp-content\/uploads\/2025\/08\/Praia-Brava-da-Almada-768x576.jpg 768w, https:\/\/pousoabare.com.br\/blog\/wp-content\/uploads\/2025\/08\/Praia-Brava-da-Almada.jpg 1280w\" sizes=\"auto, (max-width: 1024px) 100vw, 1024px\" \/><\/figure>\n\n\n\n<p>Essa \u00e9 para os aventureiros! Localizada ap\u00f3s a famosa Praia da Almada, a Brava da Almada \u00e9 acessada por uma trilha \u00edngreme, mas que leva a uma praia praticamente deserta. O mar aqui \u00e9 mais agitado, ideal para surfistas, mas tamb\u00e9m \u00f3timo para quem busca isolamento total.<\/p>\n\n\n\n<p>Na baixa temporada, \u00e9 comum encontrar apenas alguns pescadores locais.<\/p>\n\n\n\n<p>\ud83d\udccd Localiza\u00e7\u00e3o: Regi\u00e3o Norte de Ubatuba<br>\ud83d\udeb6 Acesso: Trilha \u00edngreme a partir da Praia da Almada<br>\ud83d\udca1 Dica: v\u00e1 com cal\u00e7ado adequado e leve o que for consumir.<\/p>\n\n\n\n<hr class=\"wp-block-separator has-alpha-channel-opacity\"\/>\n\n\n\n<h2 class=\"wp-block-heading\">\ud83c\udf1e Outras op\u00e7\u00f5es escondidas<\/h2>\n\n\n\n<p>Al\u00e9m das citadas, Ubatuba ainda reserva surpresas como a <strong>Praia do Bonete (sul)<\/strong>, a <strong>Praia da Justa (norte)<\/strong> e a <strong>Praia Brava do Camburi<\/strong>, todas acess\u00edveis por trilhas e com um charme \u00fanico.<\/p>\n\n\n\n<hr class=\"wp-block-separator has-alpha-channel-opacity\"\/>\n\n\n\n<h2 class=\"wp-block-heading\">\ud83c\udf7d\ufe0f Onde comer?<\/h2>\n\n\n\n<ul class=\"wp-block-list\">\n<li><strong>Restaurante Pimenta de Cheiro<\/strong> \u2013 Rio-Santos km 28 \u2013 pratos cai\u00e7aras aut\u00eanticos. \ud83d\udcde (12) 3832-3217<\/li>\n\n\n\n<li><strong>Restaurante Ra\u00edzes<\/strong> \u2013 Av. Leovigildo Dias Vieira, 1979 \u2013 Itagu\u00e1. \ud83d\udcde (12) 3832-1840<\/li>\n\n\n\n<li><strong>Restaurante Jundu<\/strong> \u2013 Av. Leovigildo Dias Vieira, 2500 \u2013 Praia Grande. \ud83d\udcde (12) 3832-6410<\/li>\n\n\n\n<li><strong>Restaurante V\u00f4z\u00e9<\/strong> \u2013 Rua Guarani, 746 \u2013 Itagu\u00e1. \ud83d\udcde (12) 3832-1788<\/li>\n<\/ul>\n\n\n\n<hr class=\"wp-block-separator has-alpha-channel-opacity\"\/>\n\n\n\n<h2 class=\"wp-block-heading\">\u2728 Conclus\u00e3o<\/h2>\n\n\n\n<p>Visitar Ubatuba fora da alta temporada \u00e9 descobrir uma vers\u00e3o ainda mais encantadora da cidade. As praias escondidas, acess\u00edveis por trilhas e cercadas pela Mata Atl\u00e2ntica, proporcionam momentos de paz, contato profundo com a natureza e lembran\u00e7as que ficam para sempre.<\/p>\n\n\n\n<p>Seja para relaxar, fotografar ou simplesmente contemplar, esses ref\u00fagios s\u00e3o convites perfeitos para quem busca uma experi\u00eancia aut\u00eantica no litoral norte paulista.<\/p>\n\n\n\n<hr class=\"wp-block-separator has-alpha-channel-opacity\"\/>\n\n\n\n<div class=\"wp-block-buttons is-content-justification-center is-layout-flex wp-container-core-buttons-is-layout-16018d1d wp-block-buttons-is-layout-flex\">\n<div class=\"wp-block-button\"><a class=\"wp-block-button__link wp-element-button\" href=\"https:\/\/www.pousoabare.com.br\">Explore as praias secretas de Ubatuba antes que todo mundo descubra<\/a><\/div>\n<\/div>\n\n\n\n<hr class=\"wp-block-separator has-alpha-channel-opacity\"\/>\n","protected":false},"excerpt":{"rendered":"<p>Quando se fala em Ubatuba, logo v\u00eam \u00e0 mente praias famosas como a Praia Grande, Itamambuca e Maranduba. Mas a verdade \u00e9 que esse para\u00edso do Litoral Norte de S\u00e3o Paulo guarda segredos que v\u00e3o al\u00e9m das praias mais conhecidas. &hellip; <a href=\"https:\/\/pousoabare.com.br\/blog\/2025\/08\/27\/pt-%f0%9f%8f%96%ef%b8%8f-praias-escondidas-para-visitar-antes-da-alta-temporada-em-ubatuba\/\">Continue lendo <span class=\"meta-nav\">&rarr;<\/span><\/a><\/p>\n","protected":false},"author":1,"featured_media":0,"comment_status":"open","ping_status":"open","sticky":false,"template":"","format":"standard","meta":{"footnotes":""},"categories":[103],"tags":[84,83,74,77,78,81,80,71,79,85,82,73,72,76,75],"class_list":["post-116","post","type-post","status-publish","format-standard","hentry","category-sobre-ubatuba","tag-belezasdobrasil","tag-culturacaicara","tag-destinodepraia","tag-feriasnolitoral","tag-litoralnortesp","tag-naturezaqueencanta","tag-praiasdeubatuba","tag-praiasescondidas","tag-roteirodeviagem","tag-segredosdeubatuba","tag-trilhasemares","tag-turismoconsciente","tag-turismoubatuba","tag-ubatubasp","tag-viagembrasil"],"_links":{"self":[{"href":"https:\/\/pousoabare.com.br\/blog\/wp-json\/wp\/v2\/posts\/116","targetHints":{"allow":["GET"]}}],"collection":[{"href":"https:\/\/pousoabare.com.br\/blog\/wp-json\/wp\/v2\/posts"}],"about":[{"href":"https:\/\/pousoabare.com.br\/blog\/wp-json\/wp\/v2\/types\/post"}],"author":[{"embeddable":true,"href":"https:\/\/pousoabare.com.br\/blog\/wp-json\/wp\/v2\/users\/1"}],"replies":[{"embeddable":true,"href":"https:\/\/pousoabare.com.br\/blog\/wp-json\/wp\/v2\/comments?post=116"}],"version-history":[{"count":4,"href":"https:\/\/pousoabare.com.br\/blog\/wp-json\/wp\/v2\/posts\/116\/revisions"}],"predecessor-version":[{"id":254,"href":"https:\/\/pousoabare.com.br\/blog\/wp-json\/wp\/v2\/posts\/116\/revisions\/254"}],"wp:attachment":[{"href":"https:\/\/pousoabare.com.br\/blog\/wp-json\/wp\/v2\/media?parent=116"}],"wp:term":[{"taxonomy":"category","embeddable":true,"href":"https:\/\/pousoabare.com.br\/blog\/wp-json\/wp\/v2\/categories?post=116"},{"taxonomy":"post_tag","embeddable":true,"href":"https:\/\/pousoabare.com.br\/blog\/wp-json\/wp\/v2\/tags?post=116"}],"curies":[{"name":"wp","href":"https:\/\/api.w.org\/{rel}","templated":true}]}}