{"id":292,"date":"2025-11-18T14:00:00","date_gmt":"2025-11-18T14:00:00","guid":{"rendered":"https:\/\/pousoabare.com.br\/blog\/?p=292"},"modified":"2025-11-19T14:24:51","modified_gmt":"2025-11-19T14:24:51","slug":"ilha-anchieta-historia-trilhas-e-praias-de-agua-turquesa-em-ubatuba","status":"publish","type":"post","link":"https:\/\/pousoabare.com.br\/blog\/2025\/11\/18\/ilha-anchieta-historia-trilhas-e-praias-de-agua-turquesa-em-ubatuba\/","title":{"rendered":"Ilha Anchieta: hist\u00f3ria, trilhas e praias de \u00e1gua turquesa em Ubatuba"},"content":{"rendered":"\n<p>A poucos quil\u00f4metros da costa de Ubatuba, a Ilha Anchieta re\u00fane em um \u00fanico passeio tudo aquilo que faz a cidade ser t\u00e3o especial: mar transparente, Mata Atl\u00e2ntica preservada, trilhas sombreadas e uma hist\u00f3ria que passa por ind\u00edgenas, col\u00f4nia correcional, pres\u00eddio de seguran\u00e7a m\u00e1xima e, hoje, parque estadual voltado para conserva\u00e7\u00e3o e turismo de natureza. <\/p>\n\n\n\n<p>Para quem se hospeda no Pouso Abar\u00e9, esse \u201ccombo\u201d de natureza e mem\u00f3ria fica ainda mais f\u00e1cil: n\u00f3s organizamos o passeio para voc\u00ea com parceiros de confian\u00e7a. Voc\u00ea s\u00f3 precisa se preocupar em passar protetor solar, pegar o chap\u00e9u e aproveitar o dia.<\/p>\n\n\n\n<p>Neste texto, vamos contar um pouco da hist\u00f3ria da ilha, destacar as principais praias, trazer curiosidades e explicar como funciona o passeio saindo de Ubatuba.<\/p>\n\n\n\n<figure class=\"wp-block-image size-full\"><img loading=\"lazy\" decoding=\"async\" width=\"1024\" height=\"576\" src=\"https:\/\/pousoabare.com.br\/blog\/wp-content\/uploads\/2025\/11\/Ilha-Anchieta-edited.webp\" alt=\"\" class=\"wp-image-294\" srcset=\"https:\/\/pousoabare.com.br\/blog\/wp-content\/uploads\/2025\/11\/Ilha-Anchieta-edited.webp 1024w, https:\/\/pousoabare.com.br\/blog\/wp-content\/uploads\/2025\/11\/Ilha-Anchieta-edited-300x169.webp 300w, https:\/\/pousoabare.com.br\/blog\/wp-content\/uploads\/2025\/11\/Ilha-Anchieta-edited-768x432.webp 768w\" sizes=\"auto, (max-width: 1024px) 100vw, 1024px\" \/><\/figure>\n\n\n\n<hr class=\"wp-block-separator has-alpha-channel-opacity\"\/>\n\n\n\n<h2 class=\"wp-block-heading\">Onde fica a Ilha Anchieta e por que ela \u00e9 t\u00e3o especial?<\/h2>\n\n\n\n<p>A Ilha Anchieta fica no litoral sul de Ubatuba, a cerca de 8 km do continente. \u00c9 a segunda maior ilha do estado de S\u00e3o Paulo e uma das \u00e1reas de preserva\u00e7\u00e3o mais importantes do Litoral Norte, com cerca de 828 hectares de Mata Atl\u00e2ntica e cost\u00f5es rochosos. <\/p>\n\n\n\n<p>Entre 1908 e 1955, a ilha abrigou um pres\u00eddio estadual, que marcou profundamente sua hist\u00f3ria. Em 1977, a \u00e1rea foi transformada em Parque Estadual da Ilha Anchieta, refor\u00e7ando a voca\u00e7\u00e3o de conserva\u00e7\u00e3o e pesquisa cient\u00edfica. <\/p>\n\n\n\n<p>Hoje, quem visita encontra:<\/p>\n\n\n\n<ul class=\"wp-block-list\">\n<li><strong>Praias de \u00e1guas cristalinas<\/strong>, ideais para banho e snorkeling; <\/li>\n\n\n\n<li><strong>Trilhas bem sinalizadas<\/strong> em meio \u00e0 Mata Atl\u00e2ntica;<\/li>\n\n\n\n<li><strong>Ru\u00ednas hist\u00f3ricas do antigo pres\u00eddio<\/strong>, abertas \u00e0 visita\u00e7\u00e3o monitorada; <\/li>\n\n\n\n<li><strong>Pontos de mergulho<\/strong> considerados dos melhores do Brasil, com rica vida marinha. <\/li>\n<\/ul>\n\n\n\n<p>Os passeios costumam sair de pontos como Saco da Ribeira, Itagu\u00e1 e Perequ\u00ea-Mirim, em escunas ou lanchas r\u00e1pidas, com tempo de travessia que varia de cerca de 10 a 60 minutos, dependendo da embarca\u00e7\u00e3o e do ponto de partida. <\/p>\n\n\n\n<hr class=\"wp-block-separator has-alpha-channel-opacity\"\/>\n\n\n\n<h2 class=\"wp-block-heading\">As praias da Ilha Anchieta: sete cart\u00f5es-postais em uma s\u00f3 ilha<\/h2>\n\n\n\n<p>A Ilha Anchieta possui sete praias, algumas destinadas a pesquisas e manejo ambiental e outras abertas \u00e0 visita\u00e7\u00e3o e banho. Entre as que recebem turistas com mais frequ\u00eancia, algumas se destacam: <\/p>\n\n\n\n<h3 class=\"wp-block-heading\">Praia do Pres\u00eddio<\/h3>\n\n\n\n<p>\u00c9 a principal porta de entrada do Parque Estadual. Nela ficam o p\u00eder de desembarque, a sede administrativa e o in\u00edcio de boa parte das trilhas. A areia \u00e9 clara, o mar costuma ser calmo e, de um lado, fica a \u00e1rea com quiosques autorizados e estrutura b\u00e1sica para visitantes.<\/p>\n\n\n\n<p>Bem ali perto j\u00e1 \u00e9 poss\u00edvel ver as ru\u00ednas do antigo pres\u00eddio, que ser\u00e3o tema de uma se\u00e7\u00e3o mais adiante. A visita costuma ser feita com acompanhamento de monitores ambientais, o que deixa tudo mais interessante e seguro. <\/p>\n\n\n\n<h3 class=\"wp-block-heading\">Praia das Palmas<\/h3>\n\n\n\n<p>Antiga \u201cPraia Grande da Ilha Anchieta\u201d, \u00e9 a maior praia da ilha, com cerca de 1 km de extens\u00e3o. Ela se abre em uma grande enseada de \u00e1guas verdes e transparentes, cercada pela floresta. \u00c9 perfeita para quem quer caminhar na areia, tirar muitas fotos e aproveitar um banho de mar mais prolongado. <\/p>\n\n\n\n<p>Muitos roteiros incluem uma trilha curta desde a Praia do Pres\u00eddio at\u00e9 Palmas, ideal para sentir o clima da Mata Atl\u00e2ntica antes de se jogar no mar novamente. <\/p>\n\n\n\n<h3 class=\"wp-block-heading\">Praia do Sul<\/h3>\n\n\n\n<p>Menor e mais intimista, a Praia do Sul tem o visual que muita gente imagina quando pensa em \u201cilhazinha paradis\u00edaca\u201d: faixa de areia dourada, mar em tons de azul e verde, barcos ancorados ao largo e uma moldura de mata fechada. \u00c9 considerada um dos melhores pontos da ilha para snorkeling, com boa visibilidade e bastante vida marinha. <\/p>\n\n\n\n<h3 class=\"wp-block-heading\">Praia do Leste<\/h3>\n\n\n\n<p>Assim como a Praia do Sul, a Praia do Leste tem acesso basicamente por barco, o que ajuda a manter o ambiente bem preservado. As \u00e1guas costumam ser claras, com aquele visual digno de cart\u00e3o-postal, e a sensa\u00e7\u00e3o \u00e9 de ref\u00fagio total, mesmo estando relativamente perto do continente. <\/p>\n\n\n\n<h3 class=\"wp-block-heading\">Praia do Engenho<\/h3>\n\n\n\n<p>Em alguns roteiros, a Praia do Engenho aparece como extens\u00e3o das trilhas ou parada de barco. Ela guarda uma piscina natural formada entre pedras, \u00f3tima para ver peixes de perto com m\u00e1scara e snorkel. \u00c9 um ponto muito valorizado nos passeios de lancha e em roteiros de mergulho. <\/p>\n\n\n\n<hr class=\"wp-block-separator has-alpha-channel-opacity\"\/>\n\n\n\n<h2 class=\"wp-block-heading\">Um passado que ainda ecoa: a hist\u00f3ria do antigo pres\u00eddio<\/h2>\n\n\n\n<p>Muito antes de se tornar pres\u00eddio, a ilha era habitada pelos povos ind\u00edgenas tamoios, ramo dos tupinamb\u00e1s, liderados por caciques como Cunhambebe na \u00e9poca do contato com os colonizadores europeus, por volta de 1550. <\/p>\n\n\n\n<p>Com o tempo, a \u00e1rea foi sendo ocupada e usada como col\u00f4nia correcional, depois como pres\u00eddio pol\u00edtico e, mais tarde, como pres\u00eddio de seguran\u00e7a m\u00e1xima, recebendo inclusive criminosos considerados de alta periculosidade. <\/p>\n\n\n\n<p>Em 20 de junho de 1952, aconteceu ali uma das rebeli\u00f5es mais sangrentas da hist\u00f3ria do sistema prisional brasileiro, conhecida como a \u201cfuga da Alcatraz brasileira\u201d. O epis\u00f3dio terminou com dezenas de mortos entre presos e funcion\u00e1rios e marcou o in\u00edcio do fim do pres\u00eddio. Poucos anos depois, em 1955, a unidade foi desativada. <\/p>\n\n\n\n<p>Hoje, as ru\u00ednas do complexo prisional podem ser visitadas com monitores ambientais. Caminhar por aqueles corredores, ver as celas, o p\u00e1tio e as torres de vigil\u00e2ncia em meio \u00e0 natureza que foi retomando o espa\u00e7o \u00e9 uma experi\u00eancia que mistura reflex\u00e3o, hist\u00f3ria e beleza. <\/p>\n\n\n\n<p>Nos \u00faltimos anos, o governo estadual passou a investir em obras de restaura\u00e7\u00e3o nas ru\u00ednas, com o objetivo de conservar as estruturas e transformar a \u00e1rea tamb\u00e9m em um espa\u00e7o cultural, com usos educativos e tur\u00edsticos. <\/p>\n\n\n\n<hr class=\"wp-block-separator has-alpha-channel-opacity\"\/>\n\n\n\n<h2 class=\"wp-block-heading\">Curiosidades sobre a Ilha Anchieta<\/h2>\n\n\n\n<p>Alguns fatos interessantes para deixar sua visita ainda mais rica:<\/p>\n\n\n\n<ul class=\"wp-block-list\">\n<li><strong>\u201cAlcatraz brasileira\u201d<\/strong> \u2013 O pres\u00eddio da ilha ganhou esse apelido justamente pela rebeli\u00e3o de 1952 e pelo isolamento em rela\u00e7\u00e3o ao continente. <\/li>\n\n\n\n<li><strong>Cen\u00e1rio de cinema<\/strong> \u2013 A rebeli\u00e3o inspirou o filme \u201cM\u00e3os Sangrentas\u201d, produzido pela Companhia Cinematogr\u00e1fica Vera Cruz em 1954. <\/li>\n\n\n\n<li><strong>Sete praias em uma ilha s\u00f3<\/strong> \u2013 Nem todas est\u00e3o abertas ao p\u00fablico; algumas \u00e1reas s\u00e3o usadas para pesquisa cient\u00edfica e prote\u00e7\u00e3o de fauna e flora. <\/li>\n\n\n\n<li><strong>Para\u00edso dos mergulhadores<\/strong> \u2013 A regi\u00e3o da ilha \u00e9 apontada como um dos melhores pontos de mergulho do litoral paulista, com peixes coloridos, tartarugas e forma\u00e7\u00f5es rochosas interessantes. <\/li>\n\n\n\n<li><strong>Cuidado com as trilhas<\/strong> \u2013 A ilha abriga uma popula\u00e7\u00e3o significativa de jararacas; por isso, \u00e9 recomendado caminhar sempre nas trilhas oficiais, com cal\u00e7ado fechado e orienta\u00e7\u00e3o dos monitores. <\/li>\n<\/ul>\n\n\n\n<hr class=\"wp-block-separator has-alpha-channel-opacity\"\/>\n\n\n\n<h2 class=\"wp-block-heading\">Como \u00e9 o passeio para a Ilha Anchieta saindo do Pouso Abar\u00e9<\/h2>\n\n\n\n<p>Hospedando-se no Pouso Abar\u00e9, voc\u00ea n\u00e3o precisa se preocupar com detalhes como empresa n\u00e1utica, hor\u00e1rios ou tipo de embarca\u00e7\u00e3o: n\u00f3s ajudamos a organizar tudo com parceiros que j\u00e1 conhecemos e confiamos.<\/p>\n\n\n\n<p>Funciona mais ou menos assim:<\/p>\n\n\n\n<ol class=\"wp-block-list\">\n<li><strong>Planejamento na recep\u00e7\u00e3o<\/strong><br>Na chegada, ou na v\u00e9spera do passeio, nossa equipe apresenta as op\u00e7\u00f5es de escuna ou lancha, explica a dura\u00e7\u00e3o, o roteiro (quais praias o passeio costuma incluir) e ajuda voc\u00ea a escolher o melhor dia conforme a previs\u00e3o do tempo.<\/li>\n\n\n\n<li><strong>Sa\u00edda de Ubatuba<\/strong><br>Os passeios saem de p\u00ederes oficiais, como o Saco da Ribeira ou a regi\u00e3o central de Ubatuba. O transfer at\u00e9 o ponto de embarque pode ser organizado conforme a necessidade \u2013 \u00e9 s\u00f3 alinhar tudo com a nossa equipe. <\/li>\n\n\n\n<li><strong>Travessia<\/strong><br>A viagem de barco j\u00e1 \u00e9 um presente \u00e0 parte: vista da Serra do Mar se aproximando, \u00e1gua mudando de tom e, com sorte, at\u00e9 golfinhos pelo caminho. O tempo da travessia varia de acordo com o ponto de sa\u00edda e o tipo de embarca\u00e7\u00e3o. <\/li>\n\n\n\n<li><strong>Dia livre na ilha<\/strong><br>Na Ilha Anchieta, o roteiro normalmente inclui:\n<ul class=\"wp-block-list\">\n<li>Tempo livre para banho em praias como Pres\u00eddio, Palmas e Sul;<\/li>\n\n\n\n<li>Trilhas leves com monitoria;<\/li>\n\n\n\n<li>Visita \u00e0s ru\u00ednas do antigo pres\u00eddio;<\/li>\n\n\n\n<li>Paradas para fotos e descanso \u00e0 sombra. <\/li>\n<\/ul>\n<\/li>\n\n\n\n<li><strong>Retorno ao Pouso Abar\u00e9<\/strong><br>Depois de um dia intenso de sol, mar e hist\u00f3ria, voc\u00ea volta para o aconchego do quarto, toma um banho tranquilo e pode seguir a programa\u00e7\u00e3o em Itagu\u00e1 \u2013 seja um jantar especial, uma caminhada na orla ou um sorvete para fechar o dia.<\/li>\n<\/ol>\n\n\n\n<hr class=\"wp-block-separator has-alpha-channel-opacity\"\/>\n\n\n\n<h2 class=\"wp-block-heading\">Dicas pr\u00e1ticas para aproveitar melhor o passeio<\/h2>\n\n\n\n<p>Para curtir a Ilha Anchieta com conforto e seguran\u00e7a, vale anotar:<\/p>\n\n\n\n<ul class=\"wp-block-list\">\n<li><strong>Leve cal\u00e7ado fechado ou t\u00eanis<\/strong> para as trilhas e visitas \u00e0s ru\u00ednas;<\/li>\n\n\n\n<li><strong>Protetor solar, chap\u00e9u e \u00f3culos de sol<\/strong> s\u00e3o indispens\u00e1veis;<\/li>\n\n\n\n<li><strong>Repelente<\/strong> ajuda bastante, especialmente nos trechos de mata;<\/li>\n\n\n\n<li><strong>M\u00e1scara e snorkel<\/strong> tornam a experi\u00eancia nas piscinas naturais e \u00e1reas de cost\u00e3o muito mais divertida;<\/li>\n\n\n\n<li><strong>Respeite as orienta\u00e7\u00f5es dos monitores e da equipe do parque<\/strong> \u2013 \u00e9 uma \u00e1rea de preserva\u00e7\u00e3o, e a ideia \u00e9 que ela continue linda por muitos anos; <\/li>\n\n\n\n<li><strong>Evite levar pl\u00e1stico descart\u00e1vel<\/strong> e recolha todo o seu lixo.<\/li>\n<\/ul>\n\n\n\n<p>A melhor \u00e9poca para o passeio costuma ser nos meses de tempo mais est\u00e1vel, com mar calmo e boa visibilidade \u2013 nossa equipe acompanha a previs\u00e3o e ajuda a escolher o dia ideal durante sua hospedagem. <\/p>\n\n\n\n<hr class=\"wp-block-separator has-alpha-channel-opacity\"\/>\n\n\n\n<p>No fim das contas, visitar a Ilha Anchieta \u00e9 como fazer duas viagens em uma s\u00f3: uma viagem para um cen\u00e1rio de praias paradis\u00edacas e outra para um cap\u00edtulo importante da hist\u00f3ria do litoral paulista. E voltar para descansar no Pouso Abar\u00e9 depois de um dia desses fecha o roteiro com chave de ouro.<\/p>\n\n\n\n<hr class=\"wp-block-separator has-alpha-channel-opacity\"\/>\n\n\n\n<div class=\"wp-block-buttons is-content-justification-center is-layout-flex wp-container-core-buttons-is-layout-16018d1d wp-block-buttons-is-layout-flex\">\n<div class=\"wp-block-button\"><a class=\"wp-block-button__link wp-element-button\">Clique aqui pra agendar sua viagem para o para\u00edso<\/a><\/div>\n<\/div>\n\n\n\n<hr class=\"wp-block-separator has-alpha-channel-opacity\"\/>\n\n\n\n<p><\/p>\n","protected":false},"excerpt":{"rendered":"<p>A poucos quil\u00f4metros da costa de Ubatuba, a Ilha Anchieta re\u00fane em um \u00fanico passeio tudo aquilo que faz a cidade ser t\u00e3o especial: mar transparente, Mata Atl\u00e2ntica preservada, trilhas sombreadas e uma hist\u00f3ria que passa por ind\u00edgenas, col\u00f4nia correcional, &hellip; <a href=\"https:\/\/pousoabare.com.br\/blog\/2025\/11\/18\/ilha-anchieta-historia-trilhas-e-praias-de-agua-turquesa-em-ubatuba\/\">Continue lendo <span class=\"meta-nav\">&rarr;<\/span><\/a><\/p>\n","protected":false},"author":1,"featured_media":0,"comment_status":"open","ping_status":"open","sticky":false,"template":"","format":"standard","meta":{"footnotes":""},"categories":[103],"tags":[149,196,201,148,259,254,258,224,223,80,255,257,93,76,256],"class_list":["post-292","post","type-post","status-publish","format-standard","hentry","category-sobre-ubatuba","tag-ecoturismo","tag-hospedagememubatuba","tag-ilhaanchieta","tag-litoralnorte","tag-mataatlantica","tag-parqueestadualilhaanchieta","tag-partiupraia","tag-pousadaemubatuba","tag-pousoabare-2","tag-praiasdeubatuba","tag-somenteadultos","tag-turismodeexperiencia-2","tag-ubatuba","tag-ubatubasp","tag-viagememcasal"],"_links":{"self":[{"href":"https:\/\/pousoabare.com.br\/blog\/wp-json\/wp\/v2\/posts\/292","targetHints":{"allow":["GET"]}}],"collection":[{"href":"https:\/\/pousoabare.com.br\/blog\/wp-json\/wp\/v2\/posts"}],"about":[{"href":"https:\/\/pousoabare.com.br\/blog\/wp-json\/wp\/v2\/types\/post"}],"author":[{"embeddable":true,"href":"https:\/\/pousoabare.com.br\/blog\/wp-json\/wp\/v2\/users\/1"}],"replies":[{"embeddable":true,"href":"https:\/\/pousoabare.com.br\/blog\/wp-json\/wp\/v2\/comments?post=292"}],"version-history":[{"count":3,"href":"https:\/\/pousoabare.com.br\/blog\/wp-json\/wp\/v2\/posts\/292\/revisions"}],"predecessor-version":[{"id":297,"href":"https:\/\/pousoabare.com.br\/blog\/wp-json\/wp\/v2\/posts\/292\/revisions\/297"}],"wp:attachment":[{"href":"https:\/\/pousoabare.com.br\/blog\/wp-json\/wp\/v2\/media?parent=292"}],"wp:term":[{"taxonomy":"category","embeddable":true,"href":"https:\/\/pousoabare.com.br\/blog\/wp-json\/wp\/v2\/categories?post=292"},{"taxonomy":"post_tag","embeddable":true,"href":"https:\/\/pousoabare.com.br\/blog\/wp-json\/wp\/v2\/tags?post=292"}],"curies":[{"name":"wp","href":"https:\/\/api.w.org\/{rel}","templated":true}]}}