{"id":81,"date":"2025-08-15T04:05:21","date_gmt":"2025-08-15T04:05:21","guid":{"rendered":"https:\/\/pousoabare.com.br\/blog\/?p=81"},"modified":"2025-10-17T19:37:14","modified_gmt":"2025-10-17T19:37:14","slug":"de-pousada-jardon-a-pouso-abare","status":"publish","type":"post","link":"https:\/\/pousoabare.com.br\/blog\/2025\/08\/15\/de-pousada-jardon-a-pouso-abare\/","title":{"rendered":"De Pousada Jardon a Pouso Abar\u00e9:"},"content":{"rendered":"\n<h2 class=\"wp-block-heading\">Uma nova fase, os mesmos valores<\/h2>\n\n\n\n<figure class=\"wp-block-image size-full\"><img loading=\"lazy\" decoding=\"async\" width=\"684\" height=\"386\" src=\"https:\/\/pousoabare.com.br\/blog\/wp-content\/uploads\/2025\/08\/20250815-2.jpg\" alt=\"\" class=\"wp-image-86\" srcset=\"https:\/\/pousoabare.com.br\/blog\/wp-content\/uploads\/2025\/08\/20250815-2.jpg 684w, https:\/\/pousoabare.com.br\/blog\/wp-content\/uploads\/2025\/08\/20250815-2-300x169.jpg 300w\" sizes=\"auto, (max-width: 684px) 100vw, 684px\" \/><\/figure>\n\n\n\n<p>Se voc\u00ea j\u00e1 nos conhece h\u00e1 algum tempo, talvez tenha se surpreendido com o novo nome. E a gente entende \u2014 mudar o nome de um lugar onde tantas mem\u00f3rias j\u00e1 foram criadas n\u00e3o \u00e9 pouca coisa. Mas pode ficar tranquilo: o que conquistou nossos h\u00f3spedes at\u00e9 aqui continua firme. O que mudou foi a forma de contar essa hist\u00f3ria.<\/p>\n\n\n\n<p><strong>Pouso Abar\u00e9<\/strong>&nbsp;nasceu do desejo de alinhar ainda mais nossa identidade com a experi\u00eancia que realmente oferecemos. Um nome que carregasse beleza, significado e autenticidade \u2014 e que refletisse o que somos hoje.<\/p>\n\n\n\n<h3 class=\"wp-block-heading\">\ud83c\udf3f Por que &#8220;Pouso Abar\u00e9&#8221;?<\/h3>\n\n\n\n<p><strong>\u201cPouso\u201d<\/strong>&nbsp;\u00e9 uma palavra suave, acolhedora. Evoca abrigo, descanso, parada segura. \u00c9 como chamamos, com carinho, o lugar onde se repousa o corpo e se acalma a mente.<\/p>\n\n\n\n<p><strong>\u201cAbar\u00e9\u201d<\/strong>&nbsp;vem do tupi e significa&nbsp;<strong>amigo<\/strong>. Um termo ancestral, de origem ind\u00edgena, que conecta nossa pousada com a terra onde estamos: Ubatuba, cidade com nome tupi e rica em cultura, mata e mar.<\/p>\n\n\n\n<p>Juntas, essas palavras formam algo que vai al\u00e9m de um nome comercial. Elas carregam um prop\u00f3sito:<\/p>\n\n\n\n<p>\u27a1\ufe0f&nbsp;<strong>Oferecer um lugar de descanso amigo.<\/strong><br>\u27a1\ufe0f&nbsp;<strong>Um ref\u00fagio para quem busca desacelerar, se reconectar com a natureza e viver com mais presen\u00e7a.<\/strong><\/p>\n\n\n\n<hr class=\"wp-block-separator has-alpha-channel-opacity\"\/>\n\n\n\n<h3 class=\"wp-block-heading\">\u2728 Uma nova fase, com novidades pensadas para voc\u00ea<\/h3>\n\n\n\n<p>A mudan\u00e7a de nome tamb\u00e9m marca o in\u00edcio de uma s\u00e9rie de melhorias que fizemos com muito carinho:<\/p>\n\n\n\n<ul class=\"wp-block-list\">\n<li>\u2705 Quartos reformados e pintados com cores mais leves<\/li>\n\n\n\n<li>\u2705 Ar-condicionados novos, mais silenciosos e potentes<\/li>\n\n\n\n<li>\u2705 Chuveiros e torneiras modernos, com mais conforto e economia<\/li>\n\n\n\n<li>\u2705 Tomadas atualizadas com entrada USB, pensando na sua praticidade<\/li>\n\n\n\n<li>\u2705 Itens novos na lojinha da recep\u00e7\u00e3o \u2014 incluindo sorvetes artesanais \ud83d\ude0b<\/li>\n<\/ul>\n\n\n\n<p>E vem mais por a\u00ed!<\/p>\n\n\n\n<hr class=\"wp-block-separator has-alpha-channel-opacity\"\/>\n\n\n\n<h3 class=\"wp-block-heading\">\ud83d\udc9b O que continua igual<\/h3>\n\n\n\n<p>Nosso maior diferencial continua sendo o&nbsp;<strong>jeito de receber<\/strong>. O cuidado, o respeito ao seu tempo, o ambiente tranquilo e acolhedor \u2014 tudo isso permanece. Se voc\u00ea j\u00e1 se sentiu em casa aqui, vai se sentir ainda mais agora.<\/p>\n\n\n\n<hr class=\"wp-block-separator has-alpha-channel-opacity\"\/>\n\n\n\n<h3 class=\"wp-block-heading\">\ud83c\udf0a Seja bem-vindo ao Pouso Abar\u00e9<\/h3>\n\n\n\n<p>Estamos animados com essa nova fase e felizes em dividir isso com voc\u00ea. Seja h\u00f3spede antigo ou novo, esperamos que o novo nome toque seu cora\u00e7\u00e3o como toca o nosso. Afinal,&nbsp;<strong>esse pouso \u00e9 seu tamb\u00e9m.<\/strong><\/p>\n\n\n\n<p><strong>Pouso Abar\u00e9. Um descanso amigo, em meio \u00e0 natureza de Ubatuba.<\/strong><\/p>\n\n\n\n<p>Conhe\u00e7a nosso <a href=\"http:\/\/www.pousoabare.com.br\">novo site<\/a> e veja as novidades, enquanto voc\u00ea se prepara pra ver tudo ao vivo!<\/p>\n\n\n\n<p>E se quiser saber tudo em primeira m\u00e3o, receber descontos e muito mais, se inscreva <a href=\"https:\/\/lp.pousoabare.com.br\/conheca-a-pouso-abare\">aqui<\/a>!<\/p>\n\n\n\n<p>Vem pra Ubatuba!<\/p>\n\n\n\n<div class=\"wp-block-buttons is-content-justification-center is-layout-flex wp-container-core-buttons-is-layout-16018d1d wp-block-buttons-is-layout-flex\">\n<div class=\"wp-block-button\"><a class=\"wp-block-button__link has-text-align-center wp-element-button\" href=\"https:\/\/www.pousoabare.com.br\">Vem conferir tudo o que tem de novo por aqui!<\/a><\/div>\n<\/div>\n\n\n\n<hr class=\"wp-block-separator has-alpha-channel-opacity\"\/>\n","protected":false},"excerpt":{"rendered":"<p>Uma nova fase, os mesmos valores Se voc\u00ea j\u00e1 nos conhece h\u00e1 algum tempo, talvez tenha se surpreendido com o novo nome. E a gente entende \u2014 mudar o nome de um lugar onde tantas mem\u00f3rias j\u00e1 foram criadas n\u00e3o &hellip; <a href=\"https:\/\/pousoabare.com.br\/blog\/2025\/08\/15\/de-pousada-jardon-a-pouso-abare\/\">Continue lendo <span class=\"meta-nav\">&rarr;<\/span><\/a><\/p>\n","protected":false},"author":1,"featured_media":0,"comment_status":"open","ping_status":"open","sticky":false,"template":"","format":"standard","meta":{"footnotes":""},"categories":[43],"tags":[56,50,46,44,54,48,45,52,49,53,47,58,57,55,51],"class_list":["post-81","post","type-post","status-publish","format-standard","hentry","category-sobre-a-pousada","tag-experiencias-em-ubatuba","tag-hospedagem-exclusiva","tag-mudanca-de-nome","tag-nova-identidade","tag-pousada-com-charme","tag-pousada-em-ubatuba","tag-pousada-jardon","tag-pousada-reformada","tag-pousada-so-para-adultos","tag-pousada-tranquila","tag-pouso-abare","tag-refugio-em-ubatuba","tag-significado-de-abare","tag-tupi-guarani","tag-ubatuba-litoral-norte"],"_links":{"self":[{"href":"https:\/\/pousoabare.com.br\/blog\/wp-json\/wp\/v2\/posts\/81","targetHints":{"allow":["GET"]}}],"collection":[{"href":"https:\/\/pousoabare.com.br\/blog\/wp-json\/wp\/v2\/posts"}],"about":[{"href":"https:\/\/pousoabare.com.br\/blog\/wp-json\/wp\/v2\/types\/post"}],"author":[{"embeddable":true,"href":"https:\/\/pousoabare.com.br\/blog\/wp-json\/wp\/v2\/users\/1"}],"replies":[{"embeddable":true,"href":"https:\/\/pousoabare.com.br\/blog\/wp-json\/wp\/v2\/comments?post=81"}],"version-history":[{"count":12,"href":"https:\/\/pousoabare.com.br\/blog\/wp-json\/wp\/v2\/posts\/81\/revisions"}],"predecessor-version":[{"id":257,"href":"https:\/\/pousoabare.com.br\/blog\/wp-json\/wp\/v2\/posts\/81\/revisions\/257"}],"wp:attachment":[{"href":"https:\/\/pousoabare.com.br\/blog\/wp-json\/wp\/v2\/media?parent=81"}],"wp:term":[{"taxonomy":"category","embeddable":true,"href":"https:\/\/pousoabare.com.br\/blog\/wp-json\/wp\/v2\/categories?post=81"},{"taxonomy":"post_tag","embeddable":true,"href":"https:\/\/pousoabare.com.br\/blog\/wp-json\/wp\/v2\/tags?post=81"}],"curies":[{"name":"wp","href":"https:\/\/api.w.org\/{rel}","templated":true}]}}